{"id":2091,"date":"2018-10-15T11:46:25","date_gmt":"2018-10-15T09:46:25","guid":{"rendered":"https:\/\/www.pauvrophobie.be\/?p=2091"},"modified":"2018-11-08T17:23:01","modified_gmt":"2018-11-08T16:23:01","slug":"temoignage-vivre-dans-la-rue","status":"publish","type":"post","link":"https:\/\/www.pauvrophobie.be\/index.php\/2018\/10\/15\/temoignage-vivre-dans-la-rue\/","title":{"rendered":"T\u00e9moignage : la ville anti-SDF"},"content":{"rendered":"<p>[et_pb_section fb_built=\u00a0\u00bb1&Prime; _builder_version=\u00a0\u00bb3.14&Prime; background_image=\u00a0\u00bbhttps:\/\/www.pauvrophobie.be\/wp-content\/uploads\/2018\/09\/OmbreTop.png\u00a0\u00bb custom_css_main_element=\u00a0\u00bbwidth:100%;||background-color: transparent !important;||height:20vh;||position:fixed;||top:0;||z-index:11;||left:0;||\u00a0\u00bb][\/et_pb_section][et_pb_section fb_built=\u00a0\u00bb1&Prime; disabled_on=\u00a0\u00bboff|off|off\u00a0\u00bb _builder_version=\u00a0\u00bb3.0.47&Prime;][et_pb_row disabled_on=\u00a0\u00bbon|on|on\u00a0\u00bb _builder_version=\u00a0\u00bb3.17.1&Prime; disabled=\u00a0\u00bbon\u00a0\u00bb][et_pb_column type=\u00a0\u00bb4_4&Prime; _builder_version=\u00a0\u00bb3.0.47&Prime; parallax=\u00a0\u00bboff\u00a0\u00bb parallax_method=\u00a0\u00bbon\u00a0\u00bb][\/et_pb_column][\/et_pb_row][\/et_pb_section][et_pb_section fb_built=\u00a0\u00bb1&Prime; _builder_version=\u00a0\u00bb3.0.47&Prime;][et_pb_row _builder_version=\u00a0\u00bb3.0.48&Prime; background_size=\u00a0\u00bbinitial\u00a0\u00bb background_position=\u00a0\u00bbtop_left\u00a0\u00bb background_repeat=\u00a0\u00bbrepeat\u00a0\u00bb][et_pb_column type=\u00a0\u00bb2_3&Prime; _builder_version=\u00a0\u00bb3.0.47&Prime; parallax=\u00a0\u00bboff\u00a0\u00bb parallax_method=\u00a0\u00bbon\u00a0\u00bb][et_pb_post_title author=\u00a0\u00bboff\u00a0\u00bb categories=\u00a0\u00bboff\u00a0\u00bb comments=\u00a0\u00bboff\u00a0\u00bb featured_image=\u00a0\u00bboff\u00a0\u00bb _builder_version=\u00a0\u00bb3.17.2&Prime; title_font=\u00a0\u00bb||||||||\u00a0\u00bb title_font_size=\u00a0\u00bb34px\u00a0\u00bb meta_font=\u00a0\u00bb||||||||\u00a0\u00bb meta_font_size=\u00a0\u00bb13px\u00a0\u00bb][\/et_pb_post_title][\/et_pb_column][et_pb_column type=\u00a0\u00bb1_3&Prime; _builder_version=\u00a0\u00bb3.0.47&Prime; parallax=\u00a0\u00bboff\u00a0\u00bb parallax_method=\u00a0\u00bbon\u00a0\u00bb][\/et_pb_column][\/et_pb_row][et_pb_row _builder_version=\u00a0\u00bb3.0.48&Prime; background_size=\u00a0\u00bbinitial\u00a0\u00bb background_position=\u00a0\u00bbtop_left\u00a0\u00bb background_repeat=\u00a0\u00bbrepeat\u00a0\u00bb][et_pb_column type=\u00a0\u00bb4_4&Prime; _builder_version=\u00a0\u00bb3.0.47&Prime; parallax=\u00a0\u00bboff\u00a0\u00bb parallax_method=\u00a0\u00bbon\u00a0\u00bb][et_pb_text _builder_version=\u00a0\u00bb3.17.1&Prime;]<\/p>\n<h5><strong>Frank est SDF. Il nous explique, images \u00e0 l\u2019appui, la gal\u00e8re que connaissent les sans abri pour trouver un espace o\u00f9 s\u2019installer dans la rue.<\/strong><\/h5>\n<p><span style=\"background-color: #e2e63e;\"><strong><span style=\"color: #000000;\">Tout est fait pour d\u00e9courager leur pr\u00e9sence dans l\u2019espace public.<\/span><\/strong><\/span><br \/>\nAux abords des gares notamment, les effets personnels des personnes \u00e0 la rue sont r\u00e9guli\u00e8rement jet\u00e9s. Certains SDF avaient trouv\u00e9 refuge dans des recoins ou tunnels en travaux. Ils ont \u00e9t\u00e9 d\u00e9log\u00e9s par la police. Depuis, les acc\u00e8s de ces abris ont \u00e9t\u00e9 mur\u00e9s ou grillag\u00e9s pour en emp\u00eacher l\u2019occupation.<br \/>\nMais ce n\u2019est pas tout, de nombreux bancs situ\u00e9s le long des arr\u00eats de bus et sur lesquels les sans abri venaient s\u2019installer ont \u00e9galement \u00e9t\u00e9 retir\u00e9s.<br \/>\n[\/et_pb_text][\/et_pb_column][\/et_pb_row][et_pb_row _builder_version=\u00a0\u00bb3.0.48&Prime; background_size=\u00a0\u00bbinitial\u00a0\u00bb background_position=\u00a0\u00bbtop_left\u00a0\u00bb background_repeat=\u00a0\u00bbrepeat\u00a0\u00bb][et_pb_column type=\u00a0\u00bb4_4&Prime; _builder_version=\u00a0\u00bb3.0.47&Prime; parallax=\u00a0\u00bboff\u00a0\u00bb parallax_method=\u00a0\u00bbon\u00a0\u00bb][et_pb_text _builder_version=\u00a0\u00bb3.17.1&Prime;]<iframe loading=\"lazy\" src=\"https:\/\/www.youtube.com\/embed\/sEW56ICgMus\" width=\"1280\" height=\"720\" frameborder=\"0\" allowfullscreen=\"allowfullscreen\"><\/iframe><br \/>\n[\/et_pb_text][\/et_pb_column][\/et_pb_row][et_pb_row _builder_version=\u00a0\u00bb3.0.48&Prime; background_size=\u00a0\u00bbinitial\u00a0\u00bb background_position=\u00a0\u00bbtop_left\u00a0\u00bb background_repeat=\u00a0\u00bbrepeat\u00a0\u00bb][et_pb_column type=\u00a0\u00bb4_4&Prime; _builder_version=\u00a0\u00bb3.0.47&Prime; parallax=\u00a0\u00bboff\u00a0\u00bb parallax_method=\u00a0\u00bbon\u00a0\u00bb][et_pb_post_nav in_same_term=\u00a0\u00bboff\u00a0\u00bb _builder_version=\u00a0\u00bb3.14&Prime; title_font=\u00a0\u00bb|700|||||||\u00a0\u00bb title_font_size=\u00a0\u00bb16px\u00a0\u00bb global_module=\u00a0\u00bb1543&Prime; saved_tabs=\u00a0\u00bball\u00a0\u00bb][\/et_pb_post_nav][\/et_pb_column][\/et_pb_row][et_pb_row _builder_version=\u00a0\u00bb3.0.48&Prime; background_size=\u00a0\u00bbinitial\u00a0\u00bb background_position=\u00a0\u00bbtop_left\u00a0\u00bb background_repeat=\u00a0\u00bbrepeat\u00a0\u00bb][et_pb_column type=\u00a0\u00bb4_4&Prime; _builder_version=\u00a0\u00bb3.0.47&Prime; parallax=\u00a0\u00bboff\u00a0\u00bb parallax_method=\u00a0\u00bbon\u00a0\u00bb][\/et_pb_column][\/et_pb_row][\/et_pb_section][et_pb_section fb_built=\u00a0\u00bb1&Prime; disabled_on=\u00a0\u00bbon|on|on\u00a0\u00bb _builder_version=\u00a0\u00bb3.14&Prime; background_color=\u00a0\u00bb#000000&Prime; custom_padding=\u00a0\u00bb0px|0px|0|0px|false|false\u00a0\u00bb disabled=\u00a0\u00bbon\u00a0\u00bb global_module=\u00a0\u00bb1346&Prime;][et_pb_row _builder_version=\u00a0\u00bb3.14&Prime; module_alignment=\u00a0\u00bbcenter\u00a0\u00bb][et_pb_column type=\u00a0\u00bb4_4&Prime; _builder_version=\u00a0\u00bb3.0.47&Prime; parallax=\u00a0\u00bboff\u00a0\u00bb parallax_method=\u00a0\u00bbon\u00a0\u00bb][et_pb_image src=\u00a0\u00bbhttps:\/\/www.pauvrophobie.be\/wp-content\/uploads\/2018\/09\/Footer-Web-Sense-LF-1-1.png\u00a0\u00bb align=\u00a0\u00bbcenter\u00a0\u00bb admin_label=\u00a0\u00bbLOGOS SENSE et FORUM\u00a0\u00bb _builder_version=\u00a0\u00bb3.15&Prime; max_width=\u00a0\u00bb60%\u00a0\u00bb module_alignment=\u00a0\u00bbcenter\u00a0\u00bb][\/et_pb_image][et_pb_image src=\u00a0\u00bbhttps:\/\/www.pauvrophobie.be\/wp-content\/uploads\/2018\/09\/Footer-Web-Partners-1-1.png\u00a0\u00bb align=\u00a0\u00bbcenter\u00a0\u00bb admin_label=\u00a0\u00bbLOGOS FINANCEURS\u00a0\u00bb _builder_version=\u00a0\u00bb3.15&Prime; max_width=\u00a0\u00bb80%\u00a0\u00bb module_alignment=\u00a0\u00bbcenter\u00a0\u00bb][\/et_pb_image][et_pb_text admin_label=\u00a0\u00bbUn projet du Forum Bruxelles contre les in\u00e9galit\u00e9s et de Sense Production\u00a0\u00bb _builder_version=\u00a0\u00bb3.15&Prime; text_font=\u00a0\u00bbText-SourceSansPro||||||||\u00a0\u00bb text_text_color=\u00a0\u00bb#ffffff\u00a0\u00bb text_font_size=\u00a0\u00bb14px\u00a0\u00bb text_line_height=\u00a0\u00bb1.5em\u00a0\u00bb text_orientation=\u00a0\u00bbcenter\u00a0\u00bb]<\/p>\n<p style=\"text-align: center;\"><strong>Un projet du Forum Bruxelles contre les in\u00e9galit\u00e9s et de Sense Production<\/strong><br \/><strong>Produit par Sense Production<\/strong><\/p>\n<p style=\"text-align: center;\">Projet men\u00e9 en partenariat avec la Coop\u00e9rative CERA &#8211;\u00a0Avec le soutien de la Commission communautaire commune de la R\u00e9gion de Bruxelles-Capitale &#8211;\u00a0Avec le soutien de la F\u00e9d\u00e9ration Wallonie-Bruxelles &#8211;\u00a0Avec le soutien de 4Wings Foundation &#8211;\u00a0Avec l&rsquo;aide du Fonds international Wernaers pour la recherche et la diffusion des connaissances &#8211;\u00a0Avec le soutien de la Commission communautaire fran\u00e7aise<\/p>\n<p>[\/et_pb_text][\/et_pb_column][\/et_pb_row][\/et_pb_section]<\/p>\n","protected":false},"excerpt":{"rendered":"<p>Frank est SDF. Il nous explique, images \u00e0 l\u2019appui, la gal\u00e8re que connaissent les sans abri pour trouver un espace o\u00f9 s\u2019installer dans la rue. Tout est fait pour d\u00e9courager leur pr\u00e9sence dans l\u2019espace public. Aux abords des gares notamment, les effets personnels des personnes \u00e0 la rue sont r\u00e9guli\u00e8rement jet\u00e9s. Certains SDF avaient trouv\u00e9 [&hellip;]<\/p>\n","protected":false},"author":2,"featured_media":0,"comment_status":"closed","ping_status":"closed","sticky":false,"template":"","format":"standard","meta":{"_et_pb_use_builder":"on","_et_pb_old_content":"","_et_gb_content_width":"","footnotes":""},"categories":[106,12,20,25,96,69,82],"tags":[28,68,67],"class_list":["post-2091","post","type-post","status-publish","format-standard","hentry","category-decryptage-3","category-home-1","category-logement","category-temoignage","category-temoignages-1","category-video","category-video-1","tag-chomage","tag-rue","tag-sdf"],"_links":{"self":[{"href":"https:\/\/www.pauvrophobie.be\/index.php\/wp-json\/wp\/v2\/posts\/2091","targetHints":{"allow":["GET"]}}],"collection":[{"href":"https:\/\/www.pauvrophobie.be\/index.php\/wp-json\/wp\/v2\/posts"}],"about":[{"href":"https:\/\/www.pauvrophobie.be\/index.php\/wp-json\/wp\/v2\/types\/post"}],"author":[{"embeddable":true,"href":"https:\/\/www.pauvrophobie.be\/index.php\/wp-json\/wp\/v2\/users\/2"}],"replies":[{"embeddable":true,"href":"https:\/\/www.pauvrophobie.be\/index.php\/wp-json\/wp\/v2\/comments?post=2091"}],"version-history":[{"count":12,"href":"https:\/\/www.pauvrophobie.be\/index.php\/wp-json\/wp\/v2\/posts\/2091\/revisions"}],"predecessor-version":[{"id":2761,"href":"https:\/\/www.pauvrophobie.be\/index.php\/wp-json\/wp\/v2\/posts\/2091\/revisions\/2761"}],"wp:attachment":[{"href":"https:\/\/www.pauvrophobie.be\/index.php\/wp-json\/wp\/v2\/media?parent=2091"}],"wp:term":[{"taxonomy":"category","embeddable":true,"href":"https:\/\/www.pauvrophobie.be\/index.php\/wp-json\/wp\/v2\/categories?post=2091"},{"taxonomy":"post_tag","embeddable":true,"href":"https:\/\/www.pauvrophobie.be\/index.php\/wp-json\/wp\/v2\/tags?post=2091"}],"curies":[{"name":"wp","href":"https:\/\/api.w.org\/{rel}","templated":true}]}}