{"id":2242,"date":"2018-10-15T15:25:29","date_gmt":"2018-10-15T13:25:29","guid":{"rendered":"https:\/\/www.pauvrophobie.be\/?p=2242"},"modified":"2018-11-09T11:45:32","modified_gmt":"2018-11-09T10:45:32","slug":"les-chomeurs-faux-coupables-des-depenses-de-securite-sociale","status":"publish","type":"post","link":"https:\/\/www.pauvrophobie.be\/index.php\/2018\/10\/15\/les-chomeurs-faux-coupables-des-depenses-de-securite-sociale\/","title":{"rendered":"Les ch\u00f4meurs, faux coupables"},"content":{"rendered":"<p>[et_pb_section fb_built=\u00a0\u00bb1&Prime; _builder_version=\u00a0\u00bb3.14&Prime; background_image=\u00a0\u00bbhttps:\/\/www.pauvrophobie.be\/wp-content\/uploads\/2018\/09\/OmbreTop.png\u00a0\u00bb custom_css_main_element=\u00a0\u00bbwidth:100%;||background-color: transparent !important;||height:20vh;||position:fixed;||top:0;||z-index:11;||left:0;||\u00a0\u00bb][\/et_pb_section][et_pb_section fb_built=\u00a0\u00bb1&Prime; _builder_version=\u00a0\u00bb3.0.47&Prime;][et_pb_row disabled_on=\u00a0\u00bbon|on|on\u00a0\u00bb _builder_version=\u00a0\u00bb3.0.47&Prime; background_size=\u00a0\u00bbinitial\u00a0\u00bb background_position=\u00a0\u00bbtop_left\u00a0\u00bb background_repeat=\u00a0\u00bbrepeat\u00a0\u00bb disabled=\u00a0\u00bbon\u00a0\u00bb][et_pb_column type=\u00a0\u00bb4_4&Prime; _builder_version=\u00a0\u00bb3.0.47&Prime; parallax=\u00a0\u00bboff\u00a0\u00bb parallax_method=\u00a0\u00bbon\u00a0\u00bb][\/et_pb_column][\/et_pb_row][\/et_pb_section][et_pb_section fb_built=\u00a0\u00bb1&Prime; _builder_version=\u00a0\u00bb3.0.47&Prime;][et_pb_row _builder_version=\u00a0\u00bb3.0.48&Prime; background_size=\u00a0\u00bbinitial\u00a0\u00bb background_position=\u00a0\u00bbtop_left\u00a0\u00bb background_repeat=\u00a0\u00bbrepeat\u00a0\u00bb][et_pb_column type=\u00a0\u00bb2_3&Prime; _builder_version=\u00a0\u00bb3.0.47&Prime; parallax=\u00a0\u00bboff\u00a0\u00bb parallax_method=\u00a0\u00bbon\u00a0\u00bb][et_pb_post_title author=\u00a0\u00bboff\u00a0\u00bb categories=\u00a0\u00bboff\u00a0\u00bb comments=\u00a0\u00bboff\u00a0\u00bb featured_image=\u00a0\u00bboff\u00a0\u00bb _builder_version=\u00a0\u00bb3.17.2&Prime; title_font=\u00a0\u00bb||||||||\u00a0\u00bb title_font_size=\u00a0\u00bb34px\u00a0\u00bb meta_font=\u00a0\u00bb||||||||\u00a0\u00bb meta_font_size=\u00a0\u00bb13px\u00a0\u00bb]<\/p>\n<p style=\"text-align: center;\">[\/et_pb_post_title][\/et_pb_column][et_pb_column type=\u00a0\u00bb1_3&Prime; _builder_version=\u00a0\u00bb3.0.47&Prime; parallax=\u00a0\u00bboff\u00a0\u00bb parallax_method=\u00a0\u00bbon\u00a0\u00bb][\/et_pb_column][\/et_pb_row][et_pb_row _builder_version=\u00a0\u00bb3.17.1&Prime; background_size=\u00a0\u00bbinitial\u00a0\u00bb background_position=\u00a0\u00bbtop_left\u00a0\u00bb background_repeat=\u00a0\u00bbrepeat\u00a0\u00bb][et_pb_column type=\u00a0\u00bb4_4&Prime; _builder_version=\u00a0\u00bb3.0.47&Prime; parallax=\u00a0\u00bboff\u00a0\u00bb parallax_method=\u00a0\u00bbon\u00a0\u00bb][et_pb_text _builder_version=\u00a0\u00bb3.17.1&Prime;]<\/p>\n<h5><strong>Les ch\u00f4meurs et autres allocataires sociaux sont souvent accus\u00e9s de mettre \u00e0 mal le syst\u00e8me d\u2019aide sociale.<br \/>\nPourtant, les co\u00fbts qu\u2019ils engendrent sont bien moins importants qu\u2019il n\u2019y para\u00eet.<\/strong><\/h5>\n<p><span style=\"background-color: #e2e63e;\"><strong><span style=\"color: #000000;\">Les allocations de ch\u00f4mage p\u00e8sent relativement peu dans les d\u00e9penses de la S\u00e9curit\u00e9 sociale\u00a0: moins de 10 %. <\/span><\/strong><\/span><br \/>\n<span style=\"background-color: #e2e63e;\"><strong><span style=\"color: #000000;\">Ce sont les pensions qui occupent une part pr\u00e9pond\u00e9rante des d\u00e9penses\u00a0: plus de la moiti\u00e9.<\/span><\/strong><\/span><br \/>\nSuivent les soins de sant\u00e9, qui p\u00e8sent un peu moins de 30 %. <strong>C\u2019est donc le vieillissement de la population qui constitue la cause des d\u00e9penses importantes de la S\u00e9curit\u00e9 sociale et non les ch\u00f4meurs.<\/strong><\/p>\n<p style=\"text-align: center;\">[\/et_pb_text][et_pb_image src=\u00a0\u00bbhttps:\/\/www.pauvrophobie.be\/wp-content\/uploads\/2018\/10\/Img-Article_AllocationsChomage-2.jpg\u00a0\u00bb show_in_lightbox=\u00a0\u00bbon\u00a0\u00bb align=\u00a0\u00bbcenter\u00a0\u00bb _builder_version=\u00a0\u00bb3.17.2&Prime; max_width=\u00a0\u00bb85%\u00a0\u00bb module_alignment=\u00a0\u00bbcenter\u00a0\u00bb animation_style=\u00a0\u00bbfade\u00a0\u00bb]<\/p>\n<p style=\"text-align: center;\">[\/et_pb_image][\/et_pb_column][\/et_pb_row][et_pb_row _builder_version=\u00a0\u00bb3.17.1&Prime;][et_pb_column type=\u00a0\u00bb4_4&Prime; _builder_version=\u00a0\u00bb3.0.47&Prime; parallax=\u00a0\u00bboff\u00a0\u00bb parallax_method=\u00a0\u00bbon\u00a0\u00bb][\/et_pb_column][\/et_pb_row][et_pb_row _builder_version=\u00a0\u00bb3.0.48&Prime; background_size=\u00a0\u00bbinitial\u00a0\u00bb background_position=\u00a0\u00bbtop_left\u00a0\u00bb background_repeat=\u00a0\u00bbrepeat\u00a0\u00bb][et_pb_column type=\u00a0\u00bb1_2&Prime; _builder_version=\u00a0\u00bb3.0.47&Prime; parallax=\u00a0\u00bboff\u00a0\u00bb parallax_method=\u00a0\u00bbon\u00a0\u00bb][et_pb_text _builder_version=\u00a0\u00bb3.17.1&Prime;]<span style=\"color: #000000;\"><strong>Par ailleurs, en jetant un coup d\u2019\u0153il aux chiffres publi\u00e9s par la Cour des comptes, <span style=\"background-color: #e2e63e;\">la v\u00e9rit\u00e9 est flagrante : l<\/span><\/strong><\/span><span style=\"color: #000000; background-color: #e2e63e;\"><strong>es d\u00e9penses relatives aux pensions ont explos\u00e9 entre 2015 et 2017 en augmentant de plus de 60 %.<\/strong> <\/span><\/p>\n<p>En cause\u00a0: l\u2019int\u00e9gration des pensions publiques.<\/p>\n<p><span style=\"background-color: #e2e63e;\"><strong><span style=\"color: #000000;\">Les co\u00fbts engendr\u00e9s par les allocations de ch\u00f4mage ont, quant \u00e0 eux, baiss\u00e9 d\u2019environ 5 % en deux ans.<\/span><br \/>\n<\/strong><\/span><strong>Ce recul s\u2019explique par la diminution du nombre de ch\u00f4meurs indemnis\u00e9s, d\u2019interruption de carri\u00e8re, de cr\u00e9dit-temps et d\u2019ayants droit dans les r\u00e9gimes de ch\u00f4mage avec compl\u00e9ment d\u2019entreprise.<\/strong><\/p>\n<p style=\"text-align: center;\">[\/et_pb_text][\/et_pb_column][et_pb_column type=\u00a0\u00bb1_2&Prime; _builder_version=\u00a0\u00bb3.0.47&Prime; parallax=\u00a0\u00bboff\u00a0\u00bb parallax_method=\u00a0\u00bbon\u00a0\u00bb][et_pb_text _builder_version=\u00a0\u00bb3.17.1&Prime;]<\/p>\n<h5 style=\"text-align: left;\"><strong>Les allocataires sociaux, v\u00e9ritables boucs \u00e9missaires<\/strong><\/h5>\n<p style=\"text-align: left;\"><span style=\"color: #000000; background-color: #e2e63e;\"><strong>L\u2019opinion publique a pris pour habitude d\u2019accuser les ch\u00f4meurs et autres allocataires sociaux<\/strong><\/span> de mettre \u00e0 mal le syst\u00e8me d\u2019aide sociale en fraudant, en contournant la loi ou en obtenant des avantages auxquels ils ne devraient pas avoir droit.\u00a0<span style=\"color: #000000;\"><strong>Or, Florence Loriaux,<\/strong> <\/span>historienne au Centre d\u2019Animation et de Recherche en Histoire ouvri\u00e8re et populaire (CARHOP), <strong><span style=\"color: #000000;\">per\u00e7oit plut\u00f4t les allocataires sociaux<\/span> comme les<\/strong> \u00ab\u00a0<span style=\"color: #000000; background-color: #e2e63e;\"><em><strong>victimes involontaires d\u2019un syst\u00e8me incapable de redistribuer \u00e9quitablement les profits entre toutes les cat\u00e9gories sociales\u00a0<\/strong><\/em><\/span>\u00bb.<br \/>\nSelon elle, <strong><span style=\"color: #000000;\">le gouvernement pr\u00e9f\u00e8re d\u00e9signer certains groupes sociaux comme coupables du blocage<\/span><\/strong> de notre syst\u00e8me \u00e9conomique, plut\u00f4t que de lutter contre les dysfonctionnements du mod\u00e8le dans lequel nous vivons.\u00a0<span style=\"color: #000000;\"><strong>Un excellent exemple n\u2019est autre que la plateforme en ligne mise en place par nos responsables politiques pour inciter les citoyens \u00e0 d\u00e9noncer les fraudes sociales\u00a0: <a style=\"color: #000000;\" href=\"https:\/\/www.meldpuntsocialefraude.belgie.be\/fr\/index.html\" target=\"_blank\" rel=\"noopener\">Point de contact pour une concurrence loyale<\/a>.<\/strong><br \/>\n<span style=\"background-color: #e2e63e;\"><strong>\u00ab\u00a0<em>Les moyens mis en \u0153uvre pour contr\u00f4ler la fraude sociale sont bien plus importants que la fraude elle-m\u00eame<\/em>\u00a0\u00bb<\/strong><\/span><\/span>, s\u2019insurge Florence Loriaux en citant \u00e9galement le renforcement des visites domiciliaires et le contr\u00f4le des consommations \u00e9nerg\u00e9tiques dans le but de v\u00e9rifier la domiciliation des allocataires sociaux.<\/p>\n<p style=\"text-align: center;\">[\/et_pb_text][\/et_pb_column][\/et_pb_row][et_pb_row _builder_version=\u00a0\u00bb3.0.48&Prime; background_size=\u00a0\u00bbinitial\u00a0\u00bb background_position=\u00a0\u00bbtop_left\u00a0\u00bb background_repeat=\u00a0\u00bbrepeat\u00a0\u00bb][et_pb_column type=\u00a0\u00bb4_4&Prime; _builder_version=\u00a0\u00bb3.0.47&Prime; parallax=\u00a0\u00bboff\u00a0\u00bb parallax_method=\u00a0\u00bbon\u00a0\u00bb][et_pb_image src=\u00a0\u00bbhttps:\/\/www.pauvrophobie.be\/wp-content\/uploads\/2018\/10\/Img-Article_EvolutionSociales_photo.jpg\u00a0\u00bb show_in_lightbox=\u00a0\u00bbon\u00a0\u00bb align=\u00a0\u00bbcenter\u00a0\u00bb _builder_version=\u00a0\u00bb3.17.2&Prime; max_width=\u00a0\u00bb85%\u00a0\u00bb module_alignment=\u00a0\u00bbcenter\u00a0\u00bb animation_style=\u00a0\u00bbfade\u00a0\u00bb]<\/p>\n<p style=\"text-align: center;\">[\/et_pb_image][et_pb_text _builder_version=\u00a0\u00bb3.17.1&Prime;]<\/p>\n<h5><strong>\u00ab\u00a0Une pauvre fraude\u00a0\u00bb<\/strong><\/h5>\n<p>\u00ab\u00a0<span style=\"color: #000000;\"><em><strong>S\u2019il est difficile de contester qu\u2019il existe une fraude sociale, soulignons qu\u2019il existe \u00e9galement <span style=\"background-color: #e2e63e;\">une fraude fiscale infiniment plus co\u00fbteuse en termes de pertes pour les finances publiques<\/span>\u00a0<\/strong><\/em><\/span>\u00bb, rel\u00e8ve Florence Loriaux.<br \/>\n<strong><span style=\"background-color: #e2e63e; color: #000000;\">La fraude fiscale est g\u00e9n\u00e9ralement le fait d\u2019individus au patrimoine ou aux revenus importants.<br \/>\n<\/span><\/strong>Les sommes qui se faufilent entre les mailles du filet sont gigantesques. <span style=\"color: #000000;\"><strong>En comparaison, la fraude sociale est bien plus faible.<\/strong> <\/span><br \/>\nFlorence Loriaux nous rappelle un avis r\u00e9dig\u00e9 par le Conseil d\u2019\u00c9tat fran\u00e7ais en 2011\u00a0: \u00ab\u00a0<span style=\"color: #000000; background-color: #e2e63e;\"><em><strong>La fraude des pauvres est une pauvre fraude.<\/strong><\/em><\/span>\u00a0\u00bb<\/p>\n<p style=\"text-align: center;\">[\/et_pb_text][\/et_pb_column][\/et_pb_row][et_pb_row _builder_version=\u00a0\u00bb3.0.48&Prime; background_size=\u00a0\u00bbinitial\u00a0\u00bb background_position=\u00a0\u00bbtop_left\u00a0\u00bb background_repeat=\u00a0\u00bbrepeat\u00a0\u00bb][et_pb_column type=\u00a0\u00bb4_4&Prime; _builder_version=\u00a0\u00bb3.0.47&Prime; parallax=\u00a0\u00bboff\u00a0\u00bb parallax_method=\u00a0\u00bbon\u00a0\u00bb][et_pb_post_nav in_same_term=\u00a0\u00bboff\u00a0\u00bb _builder_version=\u00a0\u00bb3.14&Prime; title_font=\u00a0\u00bb|700|||||||\u00a0\u00bb title_font_size=\u00a0\u00bb16px\u00a0\u00bb global_module=\u00a0\u00bb1543&Prime; saved_tabs=\u00a0\u00bball\u00a0\u00bb][\/et_pb_post_nav][\/et_pb_column][\/et_pb_row][et_pb_row _builder_version=\u00a0\u00bb3.14&Prime;][et_pb_column type=\u00a0\u00bb4_4&Prime; _builder_version=\u00a0\u00bb3.0.47&Prime; parallax=\u00a0\u00bboff\u00a0\u00bb parallax_method=\u00a0\u00bbon\u00a0\u00bb][\/et_pb_column][\/et_pb_row][\/et_pb_section][et_pb_section fb_built=\u00a0\u00bb1&Prime; disabled_on=\u00a0\u00bbon|on|on\u00a0\u00bb _builder_version=\u00a0\u00bb3.14&Prime; background_color=\u00a0\u00bb#000000&Prime; custom_padding=\u00a0\u00bb0px|0px|0|0px|false|false\u00a0\u00bb disabled=\u00a0\u00bbon\u00a0\u00bb global_module=\u00a0\u00bb1346&Prime;][et_pb_row _builder_version=\u00a0\u00bb3.14&Prime; module_alignment=\u00a0\u00bbcenter\u00a0\u00bb][et_pb_column type=\u00a0\u00bb4_4&Prime; _builder_version=\u00a0\u00bb3.0.47&Prime; parallax=\u00a0\u00bboff\u00a0\u00bb parallax_method=\u00a0\u00bbon\u00a0\u00bb][et_pb_image src=\u00a0\u00bbhttps:\/\/www.pauvrophobie.be\/wp-content\/uploads\/2018\/09\/Footer-Web-Sense-LF-1-1.png\u00a0\u00bb align=\u00a0\u00bbcenter\u00a0\u00bb admin_label=\u00a0\u00bbLOGOS SENSE et FORUM\u00a0\u00bb _builder_version=\u00a0\u00bb3.15&Prime; max_width=\u00a0\u00bb60%\u00a0\u00bb module_alignment=\u00a0\u00bbcenter\u00a0\u00bb][\/et_pb_image][et_pb_image src=\u00a0\u00bbhttps:\/\/www.pauvrophobie.be\/wp-content\/uploads\/2018\/09\/Footer-Web-Partners-1-1.png\u00a0\u00bb align=\u00a0\u00bbcenter\u00a0\u00bb admin_label=\u00a0\u00bbLOGOS FINANCEURS\u00a0\u00bb _builder_version=\u00a0\u00bb3.15&Prime; max_width=\u00a0\u00bb80%\u00a0\u00bb module_alignment=\u00a0\u00bbcenter\u00a0\u00bb][\/et_pb_image][et_pb_text admin_label=\u00a0\u00bbUn projet du Forum Bruxelles contre les in\u00e9galit\u00e9s et de Sense Production\u00a0\u00bb _builder_version=\u00a0\u00bb3.15&Prime; text_font=\u00a0\u00bbText-SourceSansPro||||||||\u00a0\u00bb text_text_color=\u00a0\u00bb#ffffff\u00a0\u00bb text_font_size=\u00a0\u00bb14px\u00a0\u00bb text_line_height=\u00a0\u00bb1.5em\u00a0\u00bb text_orientation=\u00a0\u00bbcenter\u00a0\u00bb]<\/p>\n<p style=\"text-align: center;\"><strong>Un projet du Forum Bruxelles contre les in\u00e9galit\u00e9s et de Sense Production<\/strong><br \/><strong>Produit par Sense Production<\/strong><\/p>\n<p style=\"text-align: center;\">Projet men\u00e9 en partenariat avec la Coop\u00e9rative CERA &#8211;\u00a0Avec le soutien de la Commission communautaire commune de la R\u00e9gion de Bruxelles-Capitale &#8211;\u00a0Avec le soutien de la F\u00e9d\u00e9ration Wallonie-Bruxelles &#8211;\u00a0Avec le soutien de 4Wings Foundation &#8211;\u00a0Avec l&rsquo;aide du Fonds international Wernaers pour la recherche et la diffusion des connaissances &#8211;\u00a0Avec le soutien de la Commission communautaire fran\u00e7aise<\/p>\n<p>[\/et_pb_text][\/et_pb_column][\/et_pb_row][\/et_pb_section]<\/p>\n","protected":false},"excerpt":{"rendered":"<p>Les ch\u00f4meurs et autres allocataires sociaux sont souvent accus\u00e9s de mettre \u00e0 mal le syst\u00e8me d\u2019aide sociale. Pourtant, les co\u00fbts qu\u2019ils engendrent sont bien moins importants qu\u2019il n\u2019y para\u00eet. Les allocations de ch\u00f4mage p\u00e8sent relativement peu dans les d\u00e9penses de la S\u00e9curit\u00e9 sociale\u00a0: moins de 10 %. Ce sont les pensions qui occupent une part [&hellip;]<\/p>\n","protected":false},"author":2,"featured_media":2499,"comment_status":"closed","ping_status":"closed","sticky":false,"template":"","format":"standard","meta":{"_et_pb_use_builder":"on","_et_pb_old_content":"","_et_gb_content_width":"","footnotes":""},"categories":[6,88,108,7,19,21,24],"tags":[27,75,33,34],"class_list":["post-2242","post","type-post","status-publish","format-standard","has-post-thumbnail","hentry","category-data","category-data-1","category-decryptage-5","category-decryptage","category-home-8","category-migrations-etrangers","category-securite-sociale-sante","tag-allocations-familiales","tag-fraude","tag-securite-sociale","tag-travail"],"_links":{"self":[{"href":"https:\/\/www.pauvrophobie.be\/index.php\/wp-json\/wp\/v2\/posts\/2242","targetHints":{"allow":["GET"]}}],"collection":[{"href":"https:\/\/www.pauvrophobie.be\/index.php\/wp-json\/wp\/v2\/posts"}],"about":[{"href":"https:\/\/www.pauvrophobie.be\/index.php\/wp-json\/wp\/v2\/types\/post"}],"author":[{"embeddable":true,"href":"https:\/\/www.pauvrophobie.be\/index.php\/wp-json\/wp\/v2\/users\/2"}],"replies":[{"embeddable":true,"href":"https:\/\/www.pauvrophobie.be\/index.php\/wp-json\/wp\/v2\/comments?post=2242"}],"version-history":[{"count":29,"href":"https:\/\/www.pauvrophobie.be\/index.php\/wp-json\/wp\/v2\/posts\/2242\/revisions"}],"predecessor-version":[{"id":2992,"href":"https:\/\/www.pauvrophobie.be\/index.php\/wp-json\/wp\/v2\/posts\/2242\/revisions\/2992"}],"wp:featuredmedia":[{"embeddable":true,"href":"https:\/\/www.pauvrophobie.be\/index.php\/wp-json\/wp\/v2\/media\/2499"}],"wp:attachment":[{"href":"https:\/\/www.pauvrophobie.be\/index.php\/wp-json\/wp\/v2\/media?parent=2242"}],"wp:term":[{"taxonomy":"category","embeddable":true,"href":"https:\/\/www.pauvrophobie.be\/index.php\/wp-json\/wp\/v2\/categories?post=2242"},{"taxonomy":"post_tag","embeddable":true,"href":"https:\/\/www.pauvrophobie.be\/index.php\/wp-json\/wp\/v2\/tags?post=2242"}],"curies":[{"name":"wp","href":"https:\/\/api.w.org\/{rel}","templated":true}]}}