{"id":2960,"date":"2018-11-09T11:08:57","date_gmt":"2018-11-09T10:08:57","guid":{"rendered":"https:\/\/www.pauvrophobie.be\/?p=2960"},"modified":"2018-11-09T14:10:50","modified_gmt":"2018-11-09T13:10:50","slug":"je-navais-aucune-envie-de-quitter-mon-pays","status":"publish","type":"post","link":"https:\/\/www.pauvrophobie.be\/index.php\/2018\/11\/09\/je-navais-aucune-envie-de-quitter-mon-pays\/","title":{"rendered":"Quitter mon pays"},"content":{"rendered":"<p>[et_pb_section bb_built=\u00a0\u00bb1&Prime; _builder_version=\u00a0\u00bb3.14&Prime; background_image=\u00a0\u00bbhttps:\/\/www.pauvrophobie.be\/wp-content\/uploads\/2018\/09\/OmbreTop.png\u00a0\u00bb custom_css_main_element=\u00a0\u00bbwidth:100%;||background-color: transparent !important;||height:20vh;||position:fixed;||top:0;||z-index:11;||left:0;||\u00a0\u00bb next_background_color=\u00a0\u00bb#ffffff\u00a0\u00bb][\/et_pb_section][et_pb_section bb_built=\u00a0\u00bb1&Prime; _builder_version=\u00a0\u00bb3.0.47&Prime; prev_background_color=\u00a0\u00bb#000000&Prime; next_background_color=\u00a0\u00bb#000000&Prime;][et_pb_row disabled_on=\u00a0\u00bbon|on|on\u00a0\u00bb _builder_version=\u00a0\u00bb3.0.47&Prime; background_size=\u00a0\u00bbinitial\u00a0\u00bb background_position=\u00a0\u00bbtop_left\u00a0\u00bb background_repeat=\u00a0\u00bbrepeat\u00a0\u00bb disabled=\u00a0\u00bbon\u00a0\u00bb][et_pb_column type=\u00a0\u00bb4_4&Prime;][\/et_pb_column][\/et_pb_row][\/et_pb_section][et_pb_section bb_built=\u00a0\u00bb1&Prime; _builder_version=\u00a0\u00bb3.0.47&Prime; prev_background_color=\u00a0\u00bb#000000&Prime; next_background_color=\u00a0\u00bb#000000&Prime;][et_pb_row][et_pb_column type=\u00a0\u00bb4_4&Prime;][et_pb_post_title author=\u00a0\u00bboff\u00a0\u00bb comments=\u00a0\u00bboff\u00a0\u00bb featured_image=\u00a0\u00bboff\u00a0\u00bb _builder_version=\u00a0\u00bb3.17.1&Prime; title_font=\u00a0\u00bb||||||||\u00a0\u00bb title_font_size=\u00a0\u00bb34px\u00a0\u00bb meta_font=\u00a0\u00bb||||||||\u00a0\u00bb meta_font_size=\u00a0\u00bb13px\u00a0\u00bb]<\/p>\n<p style=\"text-align: center;\">\n<p>[\/et_pb_post_title][\/et_pb_column][\/et_pb_row][et_pb_row _builder_version=\u00a0\u00bb3.0.48&Prime; background_size=\u00a0\u00bbinitial\u00a0\u00bb background_position=\u00a0\u00bbtop_left\u00a0\u00bb background_repeat=\u00a0\u00bbrepeat\u00a0\u00bb][et_pb_column type=\u00a0\u00bb1_2&Prime;][et_pb_text _builder_version=\u00a0\u00bb3.17.6&Prime;]<\/p>\n<h5><strong>T\u00e9moignage (podcast) : <br \/>\u00ab\u00a0<em>Je n\u2019avais aucune envie de quitter mon pays<\/em>\u00a0\u00bb<\/strong><\/h5>\n<p><span style=\"color: #000000; background-color: #e2e63e;\"><strong>Adam Abdallah vit en Belgique depuis plus de huit ans, avec le statut de r\u00e9fugi\u00e9 politique.<\/strong> <\/span>S\u2019il a d\u00fb quitter l\u2019Irak, c\u2019est \u00e0 cause de la guerre qui a ravag\u00e9 le pays. <strong><span style=\"color: #000000; background-color: #e2e63e;\">Avant 2003, il vivait heureux. <br \/><\/span><span style=\"color: #000000;\">Musicien dipl\u00f4m\u00e9, il travaillait pour l\u2019Orchestre symphonique national d\u2019Irak et gagnait tr\u00e8s bien sa vie.<\/span><\/strong> Puis, tout a bascul\u00e9. <span style=\"color: #000000;\"><strong><span style=\"background-color: #e2e63e;\">Adam n\u2019a pas eu d\u2019autre choix que de migrer vers un pays dont il ne connaissait ni les gens, ni la langue, ni la culture.<\/span><\/strong><\/span><\/p>\n<p>[\/et_pb_text][\/et_pb_column][et_pb_column type=\u00a0\u00bb1_2&Prime;][et_pb_text _builder_version=\u00a0\u00bb3.17.6&Prime;]<\/p>\n<p><iframe loading=\"lazy\" width=\"1280\" height=\"720\" src=\"https:\/\/www.youtube.com\/embed\/bZ2Ol5k5MnY\" frameborder=\"0\" allow=\"accelerometer; autoplay; encrypted-media; gyroscope; picture-in-picture\" allowfullscreen><\/iframe><\/p>\n<p>[\/et_pb_text][\/et_pb_column][\/et_pb_row][et_pb_row _builder_version=\u00a0\u00bb3.0.48&Prime; background_size=\u00a0\u00bbinitial\u00a0\u00bb background_position=\u00a0\u00bbtop_left\u00a0\u00bb background_repeat=\u00a0\u00bbrepeat\u00a0\u00bb][et_pb_column type=\u00a0\u00bb4_4&Prime;][et_pb_post_nav in_same_term=\u00a0\u00bboff\u00a0\u00bb _builder_version=\u00a0\u00bb3.14&Prime; title_font=\u00a0\u00bb|700|||||||\u00a0\u00bb title_font_size=\u00a0\u00bb16px\u00a0\u00bb global_module=\u00a0\u00bb1543&Prime; saved_tabs=\u00a0\u00bball\u00a0\u00bb]<\/p>\n<p style=\"text-align: center;\">\n<p>[\/et_pb_post_nav][\/et_pb_column][\/et_pb_row][et_pb_row _builder_version=\u00a0\u00bb3.14&Prime;][et_pb_column type=\u00a0\u00bb4_4&Prime;][\/et_pb_column][\/et_pb_row][\/et_pb_section][et_pb_section bb_built=\u00a0\u00bb1&Prime; _builder_version=\u00a0\u00bb3.14&Prime; background_color=\u00a0\u00bb#000000&Prime; custom_padding=\u00a0\u00bb0px|0px|0|0px|false|false\u00a0\u00bb prev_background_color=\u00a0\u00bb#ffffff\u00a0\u00bb disabled_on=\u00a0\u00bbon|on|on\u00a0\u00bb disabled=\u00a0\u00bbon\u00a0\u00bb global_module=\u00a0\u00bb1346&Prime;][et_pb_row global_parent=\u00a0\u00bb1346&Prime; _builder_version=\u00a0\u00bb3.14&Prime; module_alignment=\u00a0\u00bbcenter\u00a0\u00bb][et_pb_column type=\u00a0\u00bb4_4&Prime;][et_pb_image admin_label=\u00a0\u00bbLOGOS SENSE et FORUM\u00a0\u00bb global_parent=\u00a0\u00bb1346&Prime; _builder_version=\u00a0\u00bb3.15&Prime; src=\u00a0\u00bbhttps:\/\/www.pauvrophobie.be\/wp-content\/uploads\/2018\/09\/Footer-Web-Sense-LF-1-1.png\u00a0\u00bb max_width=\u00a0\u00bb60%\u00a0\u00bb align=\u00a0\u00bbcenter\u00a0\u00bb module_alignment=\u00a0\u00bbcenter\u00a0\u00bb \/][et_pb_image admin_label=\u00a0\u00bbLOGOS FINANCEURS\u00a0\u00bb global_parent=\u00a0\u00bb1346&Prime; _builder_version=\u00a0\u00bb3.15&Prime; src=\u00a0\u00bbhttps:\/\/www.pauvrophobie.be\/wp-content\/uploads\/2018\/09\/Footer-Web-Partners-1-1.png\u00a0\u00bb align=\u00a0\u00bbcenter\u00a0\u00bb max_width=\u00a0\u00bb80%\u00a0\u00bb module_alignment=\u00a0\u00bbcenter\u00a0\u00bb \/][et_pb_text admin_label=\u00a0\u00bbUn projet du Forum Bruxelles contre les in\u00e9galit\u00e9s et de Sense Production\u00a0\u00bb global_parent=\u00a0\u00bb1346&Prime; _builder_version=\u00a0\u00bb3.15&Prime; text_font=\u00a0\u00bbText-SourceSansPro||||||||\u00a0\u00bb text_text_color=\u00a0\u00bb#ffffff\u00a0\u00bb text_font_size=\u00a0\u00bb14px\u00a0\u00bb text_line_height=\u00a0\u00bb1.5em\u00a0\u00bb text_orientation=\u00a0\u00bbcenter\u00a0\u00bb]<\/p>\n<p style=\"text-align: center;\"><strong>Un projet du Forum Bruxelles contre les in\u00e9galit\u00e9s et de Sense Production<\/strong><br \/><strong>Produit par Sense Production<\/strong><\/p>\n<p style=\"text-align: center;\">Projet men\u00e9 en partenariat avec la Coop\u00e9rative CERA &#8211;\u00a0Avec le soutien de la Commission communautaire commune de la R\u00e9gion de Bruxelles-Capitale &#8211;\u00a0Avec le soutien de la F\u00e9d\u00e9ration Wallonie-Bruxelles &#8211;\u00a0Avec le soutien de 4Wings Foundation &#8211;\u00a0Avec l&rsquo;aide du Fonds international Wernaers pour la recherche et la diffusion des connaissances &#8211;\u00a0Avec le soutien de la Commission communautaire fran\u00e7aise<\/p>\n<p>[\/et_pb_text][\/et_pb_column][\/et_pb_row][\/et_pb_section]<\/p>\n","protected":false},"excerpt":{"rendered":"<p><div class=\"et_pb_row et_pb_row_0 et_pb_row_empty\">\n\t\t\t\t\n\t\t\t\t\n\t\t\t\t\n\t\t\t\t\n\t\t\t\t\n\t\t\t<\/div> T\u00e9moignage (podcast) : \u00ab\u00a0Je n\u2019avais aucune envie de quitter mon pays\u00a0\u00bb Adam Abdallah vit en Belgique depuis plus de huit ans, avec le statut de r\u00e9fugi\u00e9 politique. S\u2019il a d\u00fb quitter l\u2019Irak, c\u2019est \u00e0 cause de la guerre qui a ravag\u00e9 le pays. Avant 2003, il vivait heureux. Musicien dipl\u00f4m\u00e9, il travaillait pour l\u2019Orchestre [&hellip;]<\/p>\n","protected":false},"author":2,"featured_media":0,"comment_status":"closed","ping_status":"closed","sticky":false,"template":"","format":"standard","meta":{"_et_pb_use_builder":"on","_et_pb_old_content":"","_et_gb_content_width":"","footnotes":""},"categories":[5,130,145,21,113,71,25],"tags":[29,32,139,142,140,68],"class_list":["post-2960","post","type-post","status-publish","format-standard","hentry","category-consommation","category-decryptage-13","category-home-19","category-migrations-etrangers","category-podcast-2","category-podcasts","category-temoignage","tag-etrangers","tag-migrations","tag-precarite","tag-refugies","tag-regard","tag-rue"],"_links":{"self":[{"href":"https:\/\/www.pauvrophobie.be\/index.php\/wp-json\/wp\/v2\/posts\/2960","targetHints":{"allow":["GET"]}}],"collection":[{"href":"https:\/\/www.pauvrophobie.be\/index.php\/wp-json\/wp\/v2\/posts"}],"about":[{"href":"https:\/\/www.pauvrophobie.be\/index.php\/wp-json\/wp\/v2\/types\/post"}],"author":[{"embeddable":true,"href":"https:\/\/www.pauvrophobie.be\/index.php\/wp-json\/wp\/v2\/users\/2"}],"replies":[{"embeddable":true,"href":"https:\/\/www.pauvrophobie.be\/index.php\/wp-json\/wp\/v2\/comments?post=2960"}],"version-history":[{"count":13,"href":"https:\/\/www.pauvrophobie.be\/index.php\/wp-json\/wp\/v2\/posts\/2960\/revisions"}],"predecessor-version":[{"id":2998,"href":"https:\/\/www.pauvrophobie.be\/index.php\/wp-json\/wp\/v2\/posts\/2960\/revisions\/2998"}],"wp:attachment":[{"href":"https:\/\/www.pauvrophobie.be\/index.php\/wp-json\/wp\/v2\/media?parent=2960"}],"wp:term":[{"taxonomy":"category","embeddable":true,"href":"https:\/\/www.pauvrophobie.be\/index.php\/wp-json\/wp\/v2\/categories?post=2960"},{"taxonomy":"post_tag","embeddable":true,"href":"https:\/\/www.pauvrophobie.be\/index.php\/wp-json\/wp\/v2\/tags?post=2960"}],"curies":[{"name":"wp","href":"https:\/\/api.w.org\/{rel}","templated":true}]}}